{"id":5350,"date":"2025-03-04T13:51:52","date_gmt":"2025-03-04T12:51:52","guid":{"rendered":"https:\/\/illasjuli.com\/illas-juli-amb-la-cultura-i-les-tradicions\/"},"modified":"2025-03-05T12:06:40","modified_gmt":"2025-03-05T11:06:40","slug":"illas-juli-amb-la-cultura-i-les-tradicions","status":"publish","type":"post","link":"https:\/\/illasjuli.com\/ca\/illas-juli-amb-la-cultura-i-les-tradicions\/","title":{"rendered":"\u200bILLAS JULI AMB LA CULTURA I LES TRADICIONS"},"content":{"rendered":"<p><span style=\"font-weight: 400;\">\u00c9s un plaer poder formar part d&#8217;iniciatives culturals i aplecs popular oferint el que m\u00e9s ens agrada, la CARN, el BON MENJAR I les CELEBRACIONS.<\/span><\/p>\n<p><span style=\"font-weight: 400;\">Per segon any consecutiu participem a l&#8217;esdeveniment Castellum: diada castellera, fira de l&#8217;oli i arrossada a Fontanilles.<\/span><\/p>\n<p><span style=\"font-weight: 400;\">Aquesta 6\u00ba edici\u00f3 ser\u00e0 el proper 16 de mar\u00e7 a la pla\u00e7a de Sant Mart\u00ed des de les 12h amb activitats per a tots els p\u00fablics.<\/span><\/p>\n<p><span style=\"font-weight: 400;\">Us hi esperem a tots per gaudir del bon sabor d&#8217;un dia tan especial per la Vila. Podeu aconseguir el vostre ticket per l&#8217;arrossada a l&#8217;ajuntament de Fontanilles.<\/span><\/p>\n<p><a href=\"https:\/\/www.instagram.com\/ajuntamentfontanilles\/p\/DGklIXfNgO6\/\"><span style=\"font-weight: 400;\">M\u00c9S INFO<\/span><\/a><\/p>\n<p><img fetchpriority=\"high\" decoding=\"async\" src=\"https:\/\/illasjuli.com\/wp-content\/uploads\/2025\/03\/Captura-de-pantalla-2025-03-04-a-las-10.36.42-721x1024.png\" sizes=\"(max-width: 721px) 100vw, 721px\" srcset=\"https:\/\/illasjuli.com\/wp-content\/uploads\/2025\/03\/Captura-de-pantalla-2025-03-04-a-las-10.36.42-721x1024.png 721w, https:\/\/illasjuli.com\/wp-content\/uploads\/2025\/03\/Captura-de-pantalla-2025-03-04-a-las-10.36.42-211x300.png 211w, https:\/\/illasjuli.com\/wp-content\/uploads\/2025\/03\/Captura-de-pantalla-2025-03-04-a-las-10.36.42-106x150.png 106w, https:\/\/illasjuli.com\/wp-content\/uploads\/2025\/03\/Captura-de-pantalla-2025-03-04-a-las-10.36.42-768x1091.png 768w, https:\/\/illasjuli.com\/wp-content\/uploads\/2025\/03\/Captura-de-pantalla-2025-03-04-a-las-10.36.42-1081x1536.png 1081w, https:\/\/illasjuli.com\/wp-content\/uploads\/2025\/03\/Captura-de-pantalla-2025-03-04-a-las-10.36.42-1441x2048.png 1441w, https:\/\/illasjuli.com\/wp-content\/uploads\/2025\/03\/Captura-de-pantalla-2025-03-04-a-las-10.36.42.png 1454w\" alt=\"\" width=\"721\" height=\"1024\" \/><br \/>\n<img decoding=\"async\" src=\"https:\/\/illasjuli.com\/wp-content\/uploads\/2025\/03\/Captura-de-pantalla-2025-03-04-a-las-10.36.53-721x1024.png\" sizes=\"(max-width: 721px) 100vw, 721px\" srcset=\"https:\/\/illasjuli.com\/wp-content\/uploads\/2025\/03\/Captura-de-pantalla-2025-03-04-a-las-10.36.53-721x1024.png 721w, https:\/\/illasjuli.com\/wp-content\/uploads\/2025\/03\/Captura-de-pantalla-2025-03-04-a-las-10.36.53-211x300.png 211w, https:\/\/illasjuli.com\/wp-content\/uploads\/2025\/03\/Captura-de-pantalla-2025-03-04-a-las-10.36.53-106x150.png 106w, https:\/\/illasjuli.com\/wp-content\/uploads\/2025\/03\/Captura-de-pantalla-2025-03-04-a-las-10.36.53-768x1090.png 768w, https:\/\/illasjuli.com\/wp-content\/uploads\/2025\/03\/Captura-de-pantalla-2025-03-04-a-las-10.36.53-1082x1536.png 1082w, https:\/\/illasjuli.com\/wp-content\/uploads\/2025\/03\/Captura-de-pantalla-2025-03-04-a-las-10.36.53-1443x2048.png 1443w, https:\/\/illasjuli.com\/wp-content\/uploads\/2025\/03\/Captura-de-pantalla-2025-03-04-a-las-10.36.53.png 1454w\" alt=\"\" width=\"721\" height=\"1024\" \/><\/p>\n","protected":false},"excerpt":{"rendered":"<p>\u00c9s un plaer poder formar part d&#8217;iniciatives culturals i aplecs popular oferint el que m\u00e9s ens agrada, la CARN, el BON MENJAR I les CELEBRACIONS. Per segon any consecutiu participem a l&#8217;esdeveniment Castellum: diada castellera, fira de l&#8217;oli i arrossada a Fontanilles. Aquesta 6\u00ba edici\u00f3 ser\u00e0 el proper 16 de mar\u00e7 a la pla\u00e7a de [&hellip;]<\/p>\n","protected":false},"author":2,"featured_media":5353,"comment_status":"closed","ping_status":"closed","sticky":false,"template":"","format":"standard","meta":{"footnotes":""},"categories":[61],"tags":[],"class_list":["post-5350","post","type-post","status-publish","format-standard","has-post-thumbnail","hentry","category-sin-categorizar-ca"],"_links":{"self":[{"href":"https:\/\/illasjuli.com\/ca\/wp-json\/wp\/v2\/posts\/5350","targetHints":{"allow":["GET"]}}],"collection":[{"href":"https:\/\/illasjuli.com\/ca\/wp-json\/wp\/v2\/posts"}],"about":[{"href":"https:\/\/illasjuli.com\/ca\/wp-json\/wp\/v2\/types\/post"}],"author":[{"embeddable":true,"href":"https:\/\/illasjuli.com\/ca\/wp-json\/wp\/v2\/users\/2"}],"replies":[{"embeddable":true,"href":"https:\/\/illasjuli.com\/ca\/wp-json\/wp\/v2\/comments?post=5350"}],"version-history":[{"count":3,"href":"https:\/\/illasjuli.com\/ca\/wp-json\/wp\/v2\/posts\/5350\/revisions"}],"predecessor-version":[{"id":5372,"href":"https:\/\/illasjuli.com\/ca\/wp-json\/wp\/v2\/posts\/5350\/revisions\/5372"}],"wp:featuredmedia":[{"embeddable":true,"href":"https:\/\/illasjuli.com\/ca\/wp-json\/wp\/v2\/media\/5353"}],"wp:attachment":[{"href":"https:\/\/illasjuli.com\/ca\/wp-json\/wp\/v2\/media?parent=5350"}],"wp:term":[{"taxonomy":"category","embeddable":true,"href":"https:\/\/illasjuli.com\/ca\/wp-json\/wp\/v2\/categories?post=5350"},{"taxonomy":"post_tag","embeddable":true,"href":"https:\/\/illasjuli.com\/ca\/wp-json\/wp\/v2\/tags?post=5350"}],"curies":[{"name":"wp","href":"https:\/\/api.w.org\/{rel}","templated":true}]}}