{"id":5723,"date":"2026-03-05T09:36:10","date_gmt":"2026-03-05T08:36:10","guid":{"rendered":"https:\/\/illasjuli.com\/el-nou-rebost-es-al-congelador\/"},"modified":"2026-03-05T10:14:42","modified_gmt":"2026-03-05T09:14:42","slug":"el-nou-rebost-es-al-congelador","status":"publish","type":"post","link":"https:\/\/illasjuli.com\/ca\/el-nou-rebost-es-al-congelador\/","title":{"rendered":"EL NOU REBOST \u00c9S AL CONGELADOR"},"content":{"rendered":"\t\t<div data-elementor-type=\"wp-post\" data-elementor-id=\"5723\" class=\"elementor elementor-5723 elementor-5707\" data-elementor-post-type=\"post\">\n\t\t\t\t<div class=\"elementor-element elementor-element-4cca291 e-flex e-con-boxed e-con e-parent\" data-id=\"4cca291\" data-element_type=\"container\" data-e-type=\"container\">\n\t\t\t\t\t<div class=\"e-con-inner\">\n\t\t\t\t<div class=\"elementor-element elementor-element-f351df7 elementor-widget elementor-widget-heading\" data-id=\"f351df7\" data-element_type=\"widget\" data-e-type=\"widget\" data-widget_type=\"heading.default\">\n\t\t\t\t<div class=\"elementor-widget-container\">\n\t\t\t\t\t<h2 class=\"elementor-heading-title elementor-size-default\">El nou rebost \u00e9s al congelador: el canvi que transforma el retail i l\u2019hostaleria<\/h2>\t\t\t\t<\/div>\n\t\t\t\t<\/div>\n\t\t\t\t\t<\/div>\n\t\t\t\t<\/div>\n\t\t<div class=\"elementor-element elementor-element-22790cb e-flex e-con-boxed e-con e-parent\" data-id=\"22790cb\" data-element_type=\"container\" data-e-type=\"container\">\n\t\t\t\t\t<div class=\"e-con-inner\">\n\t\t\t\t<div class=\"elementor-element elementor-element-7791526 elementor-widget elementor-widget-text-editor\" data-id=\"7791526\" data-element_type=\"widget\" data-e-type=\"widget\" data-widget_type=\"text-editor.default\">\n\t\t\t\t<div class=\"elementor-widget-container\">\n\t\t\t\t\t\t\t\t\t<p><b>Els productes congelats estan redefinint la manera de comprar, conservar i consumir aliments, tant en el sector professional com a les llars.<\/b><\/p>\n<p><span style=\"font-weight: 400;\">Durant d\u00e8cades, el paradigma de l\u2019alimentaci\u00f3 en el canal retail i en el sector de l\u2019hostaleria ha estat dominat pel producte fresc. No obstant aix\u00f2, el mercat est\u00e0 experimentant un canvi profund: els aliments congelats estan guanyant protagonisme i transformant la manera com professionals i consumidors organitzen el seu rebost.<\/span><\/p>\n<p><span style=\"font-weight: 400;\">En aquest nou escenari, el <\/span><b>congelador es consolida com el centre estrat\u00e8gic de l\u2019emmagatzematge alimentari<\/b><span style=\"font-weight: 400;\">.<\/span><\/p>\n<p><span style=\"font-weight: 400;\">Aquest canvi respon a diversos factors: l\u2019evoluci\u00f3 dels h\u00e0bits de consum, la necessitat d\u2019optimitzar costos i la recerca de solucions m\u00e9s eficients. Tot plegat ha convertit el producte congelat en un aliat clau tant per al canal retail i cash &amp; carry com per al consumidor final.<\/span><\/p>\n\t\t\t\t\t\t\t\t<\/div>\n\t\t\t\t<\/div>\n\t\t\t\t<div class=\"elementor-element elementor-element-8608b5d elementor-widget elementor-widget-heading\" data-id=\"8608b5d\" data-element_type=\"widget\" data-e-type=\"widget\" data-widget_type=\"heading.default\">\n\t\t\t\t<div class=\"elementor-widget-container\">\n\t\t\t\t\t<h2 class=\"elementor-heading-title elementor-size-default\">M\u00e9s efici\u00e8ncia per al sector de l\u2019hostaleria<\/h2>\t\t\t\t<\/div>\n\t\t\t\t<\/div>\n\t\t\t\t<div class=\"elementor-element elementor-element-34a7b19 elementor-widget elementor-widget-text-editor\" data-id=\"34a7b19\" data-element_type=\"widget\" data-e-type=\"widget\" data-widget_type=\"text-editor.default\">\n\t\t\t\t<div class=\"elementor-widget-container\">\n\t\t\t\t\t\t\t\t\t<p><span style=\"font-weight: 400;\">Per als professionals de la restauraci\u00f3, els aliments congelats representen una eina fonamental per millorar la gesti\u00f3 del negoci.<\/span><\/p>\n<p><span style=\"font-weight: 400;\">Entre els seus principals avantatges destaquen:<\/span><\/p>\n<ul>\n<li style=\"font-weight: 400;\" aria-level=\"1\"><b>Millor planificaci\u00f3 de compres<\/b><b>\n<p><\/b><\/li>\n<p> \t<\/p>\n<li style=\"font-weight: 400;\" aria-level=\"1\"><b>Reducci\u00f3 de minves<\/b><b>\n<p><\/b><\/li>\n<p> \t<\/p>\n<li style=\"font-weight: 400;\" aria-level=\"1\"><b>Disponibilitat constant de producte<\/b><b>\n<p><\/b><\/li>\n<p><\/ul>\n<p><span style=\"font-weight: 400;\">La possibilitat de conservar aliments durant m\u00e9s temps permet optimitzar l\u2019estoc i reduir riscos operatius a la cuina professional.<\/span><\/p>\n<p><span style=\"font-weight: 400;\">A m\u00e9s, els processos d\u2019<\/span><b>ultracongelaci\u00f3<\/b><span style=\"font-weight: 400;\"> permeten mantenir intactes les propietats nutricionals, la textura i el sabor dels aliments des del moment de la seva captura o recol\u00b7lecci\u00f3. Aix\u00f2 garanteix una qualitat constant independentment de la temporada o de les fluctuacions del mercat.<\/span><\/p>\n<p><span style=\"font-weight: 400;\">Un altre element clau \u00e9s la <\/span><b>reducci\u00f3 del malbaratament alimentari<\/b><span style=\"font-weight: 400;\">. Poder utilitzar nom\u00e9s la quantitat necess\u00e0ria en cada servei ajuda a controlar costos i millorar la rendibilitat del negoci.<\/span><\/p>\n\t\t\t\t\t\t\t\t<\/div>\n\t\t\t\t<\/div>\n\t\t\t\t<div class=\"elementor-element elementor-element-08fcf74 elementor-widget elementor-widget-heading\" data-id=\"08fcf74\" data-element_type=\"widget\" data-e-type=\"widget\" data-widget_type=\"heading.default\">\n\t\t\t\t<div class=\"elementor-widget-container\">\n\t\t\t\t\t<h2 class=\"elementor-heading-title elementor-size-default\">Avantatges clars per al consumidor<\/h2>\t\t\t\t<\/div>\n\t\t\t\t<\/div>\n\t\t\t\t<div class=\"elementor-element elementor-element-a927cc6 elementor-widget elementor-widget-text-editor\" data-id=\"a927cc6\" data-element_type=\"widget\" data-e-type=\"widget\" data-widget_type=\"text-editor.default\">\n\t\t\t\t<div class=\"elementor-widget-container\">\n\t\t\t\t\t\t\t\t\t<p><span style=\"font-weight: 400;\">El consumidor tamb\u00e9 est\u00e0 adoptant aquesta nova manera d\u2019entendre el rebost.<\/span><\/p>\n<p><span style=\"font-weight: 400;\">En un context on el temps \u00e9s limitat, els aliments congelats ofereixen tres beneficis principals:<\/span><\/p>\n<ul>\n<li style=\"font-weight: 400;\" aria-level=\"1\"><b>Comoditat<\/b><b>\n<p><\/b><\/li>\n<p> \t<\/p>\n<li style=\"font-weight: 400;\" aria-level=\"1\"><b>Planificaci\u00f3<\/b><b>\n<p><\/b><\/li>\n<p> \t<\/p>\n<li style=\"font-weight: 400;\" aria-level=\"1\"><b>Seguretat aliment\u00e0ria<\/b><b>\n<p><\/b><\/li>\n<p><\/ul>\n<p><span style=\"font-weight: 400;\">Els productes congelats permeten organitzar la compra setmanal o mensual sense preocupar-se per la caducitat immediata. Aix\u00f2 es tradueix en menys malbaratament a casa i en una major flexibilitat per preparar els \u00e0pats.<\/span><\/p>\n<p><span style=\"font-weight: 400;\">Diversos estudis tamb\u00e9 demostren que els aliments congelats poden <\/span><b>conservar els nutrients de fruites, verdures, peixos i carns<\/b><span style=\"font-weight: 400;\">, ja que es congelen en el seu punt \u00f2ptim.<\/span><\/p>\n<p><span style=\"font-weight: 400;\">Aix\u00f2 ha contribu\u00eft a desmuntar definitivament el mite que el congelat \u00e9s de menor qualitat.<\/span><\/p>\n<p><span style=\"font-weight: 400;\">A m\u00e9s, la innovaci\u00f3 del sector ha ampliat notablement la varietat disponible: des d\u2019ingredients b\u00e0sics fins a solucions culin\u00e0ries completes.<\/span><\/p>\n\t\t\t\t\t\t\t\t<\/div>\n\t\t\t\t<\/div>\n\t\t\t\t<div class=\"elementor-element elementor-element-2125edc elementor-widget elementor-widget-heading\" data-id=\"2125edc\" data-element_type=\"widget\" data-e-type=\"widget\" data-widget_type=\"heading.default\">\n\t\t\t\t<div class=\"elementor-widget-container\">\n\t\t\t\t\t<h2 class=\"elementor-heading-title elementor-size-default\">El congelador com a nova despensa<\/h2>\t\t\t\t<\/div>\n\t\t\t\t<\/div>\n\t\t\t\t<div class=\"elementor-element elementor-element-23421e1 elementor-widget elementor-widget-text-editor\" data-id=\"23421e1\" data-element_type=\"widget\" data-e-type=\"widget\" data-widget_type=\"text-editor.default\">\n\t\t\t\t<div class=\"elementor-widget-container\">\n\t\t\t\t\t\t\t\t\t<p><span style=\"font-weight: 400;\">Aquest canvi de mentalitat est\u00e0 redefinint el concepte tradicional de rebost.<\/span><\/p>\n<p><span style=\"font-weight: 400;\">Si abans el centre d\u2019emmagatzematge era la nevera o l\u2019armari del rebost, avui <\/span><b>el congelador es posiciona com el nou centre de planificaci\u00f3 aliment\u00e0ria<\/b><span style=\"font-weight: 400;\">.<\/span><\/p>\n<p><span style=\"font-weight: 400;\">Per al retail i els operadors de cash &amp; carry, aquesta tend\u00e8ncia representa una gran oportunitat estrat\u00e8gica. L\u2019ampliaci\u00f3 de l\u2019assortiment congelat i la millora de l\u2019experi\u00e8ncia de compra permeten respondre a un consumidor cada vegada m\u00e9s exigent.<\/span><\/p>\n\t\t\t\t\t\t\t\t<\/div>\n\t\t\t\t<\/div>\n\t\t\t\t<div class=\"elementor-element elementor-element-16d5dc0 elementor-widget elementor-widget-image\" data-id=\"16d5dc0\" data-element_type=\"widget\" data-e-type=\"widget\" data-widget_type=\"image.default\">\n\t\t\t\t<div class=\"elementor-widget-container\">\n\t\t\t\t\t\t\t\t\t\t\t\t\t\t\t<img fetchpriority=\"high\" decoding=\"async\" width=\"800\" height=\"450\" src=\"https:\/\/illasjuli.com\/wp-content\/uploads\/2026\/03\/IJ-x-ALDI-2026-V1-1024x576.jpg\" class=\"attachment-large size-large wp-image-5717\" alt=\"\" srcset=\"https:\/\/illasjuli.com\/wp-content\/uploads\/2026\/03\/IJ-x-ALDI-2026-V1-1024x576.jpg 1024w, https:\/\/illasjuli.com\/wp-content\/uploads\/2026\/03\/IJ-x-ALDI-2026-V1-300x169.jpg 300w, https:\/\/illasjuli.com\/wp-content\/uploads\/2026\/03\/IJ-x-ALDI-2026-V1-150x84.jpg 150w, https:\/\/illasjuli.com\/wp-content\/uploads\/2026\/03\/IJ-x-ALDI-2026-V1-768x432.jpg 768w, https:\/\/illasjuli.com\/wp-content\/uploads\/2026\/03\/IJ-x-ALDI-2026-V1-1536x864.jpg 1536w, https:\/\/illasjuli.com\/wp-content\/uploads\/2026\/03\/IJ-x-ALDI-2026-V1.jpg 1920w\" sizes=\"(max-width: 800px) 100vw, 800px\" \/>\t\t\t\t\t\t\t\t\t\t\t\t\t\t\t<\/div>\n\t\t\t\t<\/div>\n\t\t\t\t<div class=\"elementor-element elementor-element-82ea401 elementor-widget elementor-widget-heading\" data-id=\"82ea401\" data-element_type=\"widget\" data-e-type=\"widget\" data-widget_type=\"heading.default\">\n\t\t\t\t<div class=\"elementor-widget-container\">\n\t\t\t\t\t<h2 class=\"elementor-heading-title elementor-size-default\">Illas Juli: solucions per a una nova era<\/h2>\t\t\t\t<\/div>\n\t\t\t\t<\/div>\n\t\t\t\t<div class=\"elementor-element elementor-element-d799f7a elementor-widget elementor-widget-text-editor\" data-id=\"d799f7a\" data-element_type=\"widget\" data-e-type=\"widget\" data-widget_type=\"text-editor.default\">\n\t\t\t\t<div class=\"elementor-widget-container\">\n\t\t\t\t\t\t\t\t\t<p><span style=\"font-weight: 400;\">En aquest context de transformaci\u00f3 del mercat, <\/span><b>Illas Juli<\/b><span style=\"font-weight: 400;\"> es posiciona com un soci estrat\u00e8gic per a professionals i distribu\u00efdors.<\/span><\/p>\n<p><span style=\"font-weight: 400;\">Amb una \u00e0mplia experi\u00e8ncia en el sector dels aliments congelats, la companyia ofereix:<\/span><\/p>\n<ul>\n<li style=\"font-weight: 400;\" aria-level=\"1\"><span style=\"font-weight: 400;\">Qualitat de producte<\/span><span style=\"font-weight: 400;\">\n<p><\/span><\/li>\n<li style=\"font-weight: 400;\" aria-level=\"1\"><span style=\"font-weight: 400;\">Gran varietat de refer\u00e8ncies<\/span><span style=\"font-weight: 400;\">\n<p><\/span><\/li>\n<li style=\"font-weight: 400;\" aria-level=\"1\"><span style=\"font-weight: 400;\">Fiabilitat log\u00edstica<\/span><span style=\"font-weight: 400;\">\n<p><\/span><\/li>\n<\/ul>\n<p><span style=\"font-weight: 400;\">Aquests factors permeten que supermercats i negocis d\u2019hostaleria puguin garantir un subministrament eficient i competitiu.<\/span><\/p>\n<p><span style=\"font-weight: 400;\">M\u00e9s enll\u00e0 del producte, Illas Juli acompanya els seus clients en la transici\u00f3 cap a un model de consum m\u00e9s intel\u00b7ligent, basat en la <\/span><b>planificaci\u00f3, la sostenibilitat i la reducci\u00f3 del malbaratament alimentari<\/b><span style=\"font-weight: 400;\">.<\/span><\/p>\n<p><span style=\"font-weight: 400;\">El canvi d\u2019era ja \u00e9s aqu\u00ed. I tot indica que <\/span><b>el rebost del futur estar\u00e0 cada vegada m\u00e9s dins del congelador<\/b><span style=\"font-weight: 400;\">.<\/span><\/p>\n\t\t\t\t\t\t\t\t<\/div>\n\t\t\t\t<\/div>\n\t\t\t\t\t<\/div>\n\t\t\t\t<\/div>\n\t\t<div class=\"elementor-element elementor-element-8349bcb e-flex e-con-boxed e-con e-parent\" data-id=\"8349bcb\" data-element_type=\"container\" data-e-type=\"container\">\n\t\t\t\t\t<div class=\"e-con-inner\">\n\t\t\t\t\t<\/div>\n\t\t\t\t<\/div>\n\t\t\t\t<\/div>\n\t\t","protected":false},"excerpt":{"rendered":"<p>El nou rebost \u00e9s al congelador: el canvi que transforma el retail i l\u2019hostaleria Els productes congelats estan redefinint la manera de comprar, conservar i consumir aliments, tant en el sector professional com a les llars. Durant d\u00e8cades, el paradigma de l\u2019alimentaci\u00f3 en el canal retail i en el sector de l\u2019hostaleria ha estat dominat [&hellip;]<\/p>\n","protected":false},"author":2,"featured_media":5705,"comment_status":"closed","ping_status":"closed","sticky":false,"template":"","format":"standard","meta":{"footnotes":""},"categories":[61],"tags":[],"class_list":["post-5723","post","type-post","status-publish","format-standard","has-post-thumbnail","hentry","category-sin-categorizar-ca"],"_links":{"self":[{"href":"https:\/\/illasjuli.com\/ca\/wp-json\/wp\/v2\/posts\/5723","targetHints":{"allow":["GET"]}}],"collection":[{"href":"https:\/\/illasjuli.com\/ca\/wp-json\/wp\/v2\/posts"}],"about":[{"href":"https:\/\/illasjuli.com\/ca\/wp-json\/wp\/v2\/types\/post"}],"author":[{"embeddable":true,"href":"https:\/\/illasjuli.com\/ca\/wp-json\/wp\/v2\/users\/2"}],"replies":[{"embeddable":true,"href":"https:\/\/illasjuli.com\/ca\/wp-json\/wp\/v2\/comments?post=5723"}],"version-history":[{"count":3,"href":"https:\/\/illasjuli.com\/ca\/wp-json\/wp\/v2\/posts\/5723\/revisions"}],"predecessor-version":[{"id":5728,"href":"https:\/\/illasjuli.com\/ca\/wp-json\/wp\/v2\/posts\/5723\/revisions\/5728"}],"wp:featuredmedia":[{"embeddable":true,"href":"https:\/\/illasjuli.com\/ca\/wp-json\/wp\/v2\/media\/5705"}],"wp:attachment":[{"href":"https:\/\/illasjuli.com\/ca\/wp-json\/wp\/v2\/media?parent=5723"}],"wp:term":[{"taxonomy":"category","embeddable":true,"href":"https:\/\/illasjuli.com\/ca\/wp-json\/wp\/v2\/categories?post=5723"},{"taxonomy":"post_tag","embeddable":true,"href":"https:\/\/illasjuli.com\/ca\/wp-json\/wp\/v2\/tags?post=5723"}],"curies":[{"name":"wp","href":"https:\/\/api.w.org\/{rel}","templated":true}]}}