{"id":5731,"date":"2025-12-04T11:56:43","date_gmt":"2025-12-04T10:56:43","guid":{"rendered":"https:\/\/illasjuli.com\/fira-alimentaria-2026\/"},"modified":"2026-03-05T10:28:03","modified_gmt":"2026-03-05T09:28:03","slug":"fira-alimentaria-2026","status":"publish","type":"post","link":"https:\/\/illasjuli.com\/ca\/fira-alimentaria-2026\/","title":{"rendered":"FIRA ALIMENT\u00c0RIA 2026"},"content":{"rendered":"\t\t<div data-elementor-type=\"wp-post\" data-elementor-id=\"5731\" class=\"elementor elementor-5731 elementor-5553\" data-elementor-post-type=\"post\">\n\t\t\t\t<div class=\"elementor-element elementor-element-2328e20a e-flex e-con-boxed e-con e-parent\" data-id=\"2328e20a\" data-element_type=\"container\" data-e-type=\"container\">\n\t\t\t\t\t<div class=\"e-con-inner\">\n\t\t\t\t<div class=\"elementor-element elementor-element-3d5479c8 elementor-widget elementor-widget-text-editor\" data-id=\"3d5479c8\" data-element_type=\"widget\" data-e-type=\"widget\" data-widget_type=\"text-editor.default\">\n\t\t\t\t<div class=\"elementor-widget-container\">\n\t\t\t\t\t\t\t\t\t<p><b>C\u00e0rniques Illas Juli revoluciona l\u2019alimentaci\u00f3 del futur a Alimentaria 2026 amb solucions innovadores i sostenibles<\/b><\/p>\n<p><span style=\"font-weight: 400;\">Amb m\u00e9s de 60 anys d\u2019experi\u00e8ncia, la companyia combina tradici\u00f3 familiar, avantguarda tecnol\u00f2gica i sostenibilitat per liderar el sector carni a Espanya i Europa.<\/span><\/p>\n<p><span style=\"font-weight: 400;\">La companyia familiar C\u00e0rniques Illas Juli, referent en exportaci\u00f3 i ultracongelaci\u00f3 c\u00e0rnia, presentar\u00e0 a Alimentaria 2026 les seves \u00faltimes innovacions dissenyades per transformar l\u2019alimentaci\u00f3 moderna.<\/span><\/p>\n<p><span style=\"font-weight: 400;\">Amb m\u00e9s de 60 anys d\u2019experi\u00e8ncia, Illas Juli combina l\u2019esperit d\u2019empresa familiar amb l\u2019avantguarda tecnol\u00f2gica i les tend\u00e8ncies del mercat, oferint solucions adaptades tant al canal retail com al foodservice a tota la UE i al Regne Unit.<\/span><\/p>\n\t\t\t\t\t\t\t\t<\/div>\n\t\t\t\t<\/div>\n\t\t<div class=\"elementor-element elementor-element-f384bfe e-con-full e-flex e-con e-child\" data-id=\"f384bfe\" data-element_type=\"container\" data-e-type=\"container\">\n\t\t\t\t<div class=\"elementor-element elementor-element-52456cc elementor-widget elementor-widget-video\" data-id=\"52456cc\" data-element_type=\"widget\" data-e-type=\"widget\" data-settings=\"{&quot;youtube_url&quot;:&quot;https:\\\/\\\/youtu.be\\\/6GLjXtqyrDQ&quot;,&quot;video_type&quot;:&quot;youtube&quot;,&quot;controls&quot;:&quot;yes&quot;}\" data-widget_type=\"video.default\">\n\t\t\t\t<div class=\"elementor-widget-container\">\n\t\t\t\t\t\t\t<div class=\"elementor-wrapper elementor-open-inline\">\n\t\t\t<div class=\"elementor-video\"><\/div>\t\t<\/div>\n\t\t\t\t\t\t<\/div>\n\t\t\t\t<\/div>\n\t\t\t\t<\/div>\n\t\t\t\t<div class=\"elementor-element elementor-element-a63194a elementor-widget elementor-widget-text-editor\" data-id=\"a63194a\" data-element_type=\"widget\" data-e-type=\"widget\" data-widget_type=\"text-editor.default\">\n\t\t\t\t<div class=\"elementor-widget-container\">\n\t\t\t\t\t\t\t\t\t<h2><b>Innovaci\u00f3 per als nous h\u00e0bits de consum<\/b><\/h2>\n<p><span style=\"font-weight: 400;\">A Alimentaria 2026 presentarem nous productes dissenyats per respondre als h\u00e0bits actuals de consum:<\/span><\/p>\n<ul>\n<li style=\"font-weight: 400;\" aria-level=\"1\"><span style=\"font-weight: 400;\">Gammes sense al\u00b7l\u00e8rgens, sense gluten i sense prote\u00efna animal afegida, pensades per a una alimentaci\u00f3 m\u00e9s segura i saludable.<\/span><span style=\"font-weight: 400;\">\n<p><\/span><\/li>\n<li style=\"font-weight: 400;\" aria-level=\"1\"><span style=\"font-weight: 400;\">Productes ideals per a AirFryer, sota la marca <\/span><b>Foodies in the Air<\/b><span style=\"font-weight: 400;\">, que faciliten la cuina di\u00e0ria a la llar i a la restauraci\u00f3 moderna.<\/span><span style=\"font-weight: 400;\">\n<p><\/span><\/li>\n<li style=\"font-weight: 400;\" aria-level=\"1\"><span style=\"font-weight: 400;\">Solucions <\/span><b>Ready to Roast<\/b><span style=\"font-weight: 400;\">, que simplifiquen el treball en cuines professionals i dom\u00e8stiques, reduint temps, costos i malbaratament alimentari.<\/span><span style=\"font-weight: 400;\">\n<p><\/span><\/li>\n<\/ul>\n<p><span style=\"font-weight: 400;\">Gr\u00e0cies a la tecnologia <\/span><b>IQF (ultracongelaci\u00f3 individual r\u00e0pida)<\/b><span style=\"font-weight: 400;\">, garantim la m\u00e0xima qualitat, frescor i seguretat, optimitzant la conservaci\u00f3 i aportant efici\u00e8ncia i sostenibilitat a tota la cadena.<\/span><\/p>\n<h2><b>Comprom\u00eds amb la seguretat i l\u2019accessibilitat aliment\u00e0ria<\/b><\/h2>\n<p><span style=\"font-weight: 400;\">Treballem sota el marc <\/span><b>IDDSI (International Dysphagia Diet Standardisation Initiative)<\/b><span style=\"font-weight: 400;\">, desenvolupant productes adaptats a les necessitats de compradors institucionals, operadors de resid\u00e8ncies, c\u00e0tering de col\u00b7lectivitats i distribuci\u00f3 foodservice, contribuint a una alimentaci\u00f3 segura i accessible per a tothom.<\/span><\/p>\n<h2><b>Certificacions internacionals que avalen la qualitat<\/b><\/h2>\n<p><span style=\"font-weight: 400;\">Illas Juli \u00e9s un referent en carn ultracongelada d\u2019alta qualitat, avalada per certificacions internacionals com <\/span><b>BRC (British Retail Consortium)<\/b><span style=\"font-weight: 400;\">, <\/span><b>GIFS (Global Food Safety Initiative)<\/b><span style=\"font-weight: 400;\">, <\/span><b>SAE (Specific Self-Control System for Export)<\/b><span style=\"font-weight: 400;\">, sistemes de tra\u00e7abilitat digital i un s\u00f2lid historial en comer\u00e7 internacional.<\/span><\/p>\n<p><span style=\"font-weight: 400;\">A m\u00e9s, contribu\u00efm a la prevenci\u00f3 de riscos laborals a trav\u00e9s dels nostres formats, packaging i productes ultracongelats IQF, que faciliten la manipulaci\u00f3 i redueixen riscos en entorns professionals (riscos d\u2019innocu\u00eftat aliment\u00e0ria com la contaminaci\u00f3 creuada i riscos organitzatius com la manca de tra\u00e7abilitat, defici\u00e8ncies en la formaci\u00f3 del personal o emmagatzematge inadequat).<\/span><\/p>\n<h2><b>Digitalitzaci\u00f3 i efici\u00e8ncia en tota la cadena de valor<\/b><\/h2>\n<p><span style=\"font-weight: 400;\">Estem connectats via <\/span><b>EDI i VOXEL<\/b><span style=\"font-weight: 400;\"> per a la transmissi\u00f3 de comandes i la gesti\u00f3 de la distribuci\u00f3, i treballem administrativament amb programes internacionals de confian\u00e7a com <\/span><b>SAP<\/b><span style=\"font-weight: 400;\">, que ens permet centralitzar i gestionar operacions amb una \u00fanica plataforma integrada. Totes aquestes incorporacions al departament d\u2019administraci\u00f3 aporten m\u00e9s seguretat, efici\u00e8ncia i confian\u00e7a.<\/span><\/p>\n<h2><b>Marques i gammes adaptades a cada consumidor<\/b><\/h2>\n<p><span style=\"font-weight: 400;\">A Alimentaria presentarem totes les nostres gammes i marques, dissenyades per cobrir diferents canals i perfils de consumidor:<\/span><\/p>\n\t\t\t\t\t\t\t\t<\/div>\n\t\t\t\t<\/div>\n\t\t<div class=\"elementor-element elementor-element-b79e03d e-con-full e-flex e-con e-child\" data-id=\"b79e03d\" data-element_type=\"container\" data-e-type=\"container\">\n\t\t\t\t<div class=\"elementor-element elementor-element-8d05baf elementor-widget elementor-widget-image\" data-id=\"8d05baf\" data-element_type=\"widget\" data-e-type=\"widget\" data-widget_type=\"image.default\">\n\t\t\t\t<div class=\"elementor-widget-container\">\n\t\t\t\t\t\t\t\t\t\t\t\t\t\t\t<img decoding=\"async\" width=\"150\" height=\"150\" src=\"https:\/\/illasjuli.com\/wp-content\/uploads\/2025\/12\/J_S-Granate-150x150.png\" class=\"attachment-thumbnail size-thumbnail wp-image-5555\" alt=\"\" srcset=\"https:\/\/illasjuli.com\/wp-content\/uploads\/2025\/12\/J_S-Granate-150x150.png 150w, https:\/\/illasjuli.com\/wp-content\/uploads\/2025\/12\/J_S-Granate-300x300.png 300w, https:\/\/illasjuli.com\/wp-content\/uploads\/2025\/12\/J_S-Granate-1024x1024.png 1024w, https:\/\/illasjuli.com\/wp-content\/uploads\/2025\/12\/J_S-Granate-768x768.png 768w, https:\/\/illasjuli.com\/wp-content\/uploads\/2025\/12\/J_S-Granate-1536x1536.png 1536w, https:\/\/illasjuli.com\/wp-content\/uploads\/2025\/12\/J_S-Granate.png 2015w\" sizes=\"(max-width: 150px) 100vw, 150px\" \/>\t\t\t\t\t\t\t\t\t\t\t\t\t\t\t<\/div>\n\t\t\t\t<\/div>\n\t\t\t\t<\/div>\n\t\t\t\t<div class=\"elementor-element elementor-element-47adef5 elementor-widget elementor-widget-text-editor\" data-id=\"47adef5\" data-element_type=\"widget\" data-e-type=\"widget\" data-widget_type=\"text-editor.default\">\n\t\t\t\t<div class=\"elementor-widget-container\">\n\t\t\t\t\t\t\t\t\t<p><span style=\"font-weight: 400;\">Peces, talls i elaborats carnis (galtes, filet de porc, entrecot, mandonguilles, hamburgueses, broquetes, etc.), adaptats a les necessitats de cada canal amb formats, receptes i tecnologia IQF.<\/span><span style=\"font-weight: 400;\"><br \/>\n<\/span><\/p>\n\t\t\t\t\t\t\t\t<\/div>\n\t\t\t\t<\/div>\n\t\t\t\t<div class=\"elementor-element elementor-element-b070777 elementor-widget__width-initial elementor-widget elementor-widget-image\" data-id=\"b070777\" data-element_type=\"widget\" data-e-type=\"widget\" data-widget_type=\"image.default\">\n\t\t\t\t<div class=\"elementor-widget-container\">\n\t\t\t\t\t\t\t\t\t\t\t\t\t\t\t<img decoding=\"async\" width=\"150\" height=\"148\" src=\"https:\/\/illasjuli.com\/wp-content\/uploads\/2025\/12\/BorntoBBQ-Granate-150x148.png\" class=\"attachment-thumbnail size-thumbnail wp-image-5558\" alt=\"\" srcset=\"https:\/\/illasjuli.com\/wp-content\/uploads\/2025\/12\/BorntoBBQ-Granate-150x148.png 150w, https:\/\/illasjuli.com\/wp-content\/uploads\/2025\/12\/BorntoBBQ-Granate-300x295.png 300w, https:\/\/illasjuli.com\/wp-content\/uploads\/2025\/12\/BorntoBBQ-Granate-1024x1008.png 1024w, https:\/\/illasjuli.com\/wp-content\/uploads\/2025\/12\/BorntoBBQ-Granate-768x756.png 768w, https:\/\/illasjuli.com\/wp-content\/uploads\/2025\/12\/BorntoBBQ-Granate-1536x1511.png 1536w, https:\/\/illasjuli.com\/wp-content\/uploads\/2025\/12\/BorntoBBQ-Granate.png 1928w\" sizes=\"(max-width: 150px) 100vw, 150px\" \/>\t\t\t\t\t\t\t\t\t\t\t\t\t\t\t<\/div>\n\t\t\t\t<\/div>\n\t\t\t\t<div class=\"elementor-element elementor-element-a0a1eb2 elementor-widget elementor-widget-text-editor\" data-id=\"a0a1eb2\" data-element_type=\"widget\" data-e-type=\"widget\" data-widget_type=\"text-editor.default\">\n\t\t\t\t<div class=\"elementor-widget-container\">\n\t\t\t\t\t\t\t\t\t<p><span style=\"font-weight: 400;\">Selecci\u00f3 de productes <\/span><b>premium<\/b><span style=\"font-weight: 400;\"> sense tenderitzaci\u00f3 o amb la m\u00ednima (lagarto, secreto, salsitxes, filet de vedella, churrasco, daus d\u2019estofat, llom baix\u2026). Productes porcionats amb control de pes, IQF i\/o envasats al buit i amb triple vida \u00fatil (18 mesos de conservaci\u00f3 ultracongelat, 6 dies descongelat i envasat i 24 hores descongelat i sense envasar).<\/span><span style=\"font-weight: 400;\"><br \/>\n<\/span><\/p>\n\t\t\t\t\t\t\t\t<\/div>\n\t\t\t\t<\/div>\n\t\t<div class=\"elementor-element elementor-element-d76e4d7 e-con-full e-flex e-con e-child\" data-id=\"d76e4d7\" data-element_type=\"container\" data-e-type=\"container\">\n\t\t\t\t<div class=\"elementor-element elementor-element-183f71b elementor-widget elementor-widget-image\" data-id=\"183f71b\" data-element_type=\"widget\" data-e-type=\"widget\" data-widget_type=\"image.default\">\n\t\t\t\t<div class=\"elementor-widget-container\">\n\t\t\t\t\t\t\t\t\t\t\t\t\t\t\t<img decoding=\"async\" width=\"150\" height=\"150\" src=\"https:\/\/illasjuli.com\/wp-content\/uploads\/2025\/12\/RTR-logo-150x150.png\" class=\"attachment-thumbnail size-thumbnail wp-image-5596\" alt=\"\" srcset=\"https:\/\/illasjuli.com\/wp-content\/uploads\/2025\/12\/RTR-logo-150x150.png 150w, https:\/\/illasjuli.com\/wp-content\/uploads\/2025\/12\/RTR-logo-300x300.png 300w, https:\/\/illasjuli.com\/wp-content\/uploads\/2025\/12\/RTR-logo-1024x1024.png 1024w, https:\/\/illasjuli.com\/wp-content\/uploads\/2025\/12\/RTR-logo-768x768.png 768w, https:\/\/illasjuli.com\/wp-content\/uploads\/2025\/12\/RTR-logo-1536x1536.png 1536w, https:\/\/illasjuli.com\/wp-content\/uploads\/2025\/12\/RTR-logo-2048x2048.png 2048w\" sizes=\"(max-width: 150px) 100vw, 150px\" \/>\t\t\t\t\t\t\t\t\t\t\t\t\t\t\t<\/div>\n\t\t\t\t<\/div>\n\t\t\t\t<\/div>\n\t\t\t\t<div class=\"elementor-element elementor-element-21c112b elementor-widget elementor-widget-text-editor\" data-id=\"21c112b\" data-element_type=\"widget\" data-e-type=\"widget\" data-widget_type=\"text-editor.default\">\n\t\t\t\t<div class=\"elementor-widget-container\">\n\t\t\t\t\t\t\t\t\t<p><span style=\"font-weight: 400;\">Receptes llestes per enfornar i servir, elaborades per xefs sense necessitat d\u2019incorporar-los a la plantilla (costella, cansalada, roast beef, pit de gall dindi papallona\u2026). Tendresa, sabor i estalvi garantits.<\/span><span style=\"font-weight: 400;\"><br \/>\n<\/span><\/p>\n\t\t\t\t\t\t\t\t<\/div>\n\t\t\t\t<\/div>\n\t\t\t\t<div class=\"elementor-element elementor-element-b5bea7f elementor-widget elementor-widget-image\" data-id=\"b5bea7f\" data-element_type=\"widget\" data-e-type=\"widget\" data-widget_type=\"image.default\">\n\t\t\t\t<div class=\"elementor-widget-container\">\n\t\t\t\t\t\t\t\t\t\t\t\t\t\t\t<img loading=\"lazy\" decoding=\"async\" width=\"150\" height=\"150\" src=\"https:\/\/illasjuli.com\/wp-content\/uploads\/2025\/12\/5-150x150.png\" class=\"attachment-thumbnail size-thumbnail wp-image-5564\" alt=\"\" srcset=\"https:\/\/illasjuli.com\/wp-content\/uploads\/2025\/12\/5-150x150.png 150w, https:\/\/illasjuli.com\/wp-content\/uploads\/2025\/12\/5-300x300.png 300w, https:\/\/illasjuli.com\/wp-content\/uploads\/2025\/12\/5-1024x1024.png 1024w, https:\/\/illasjuli.com\/wp-content\/uploads\/2025\/12\/5-768x768.png 768w, https:\/\/illasjuli.com\/wp-content\/uploads\/2025\/12\/5-1536x1536.png 1536w, https:\/\/illasjuli.com\/wp-content\/uploads\/2025\/12\/5-2048x2048.png 2048w\" sizes=\"(max-width: 150px) 100vw, 150px\" \/>\t\t\t\t\t\t\t\t\t\t\t\t\t\t\t<\/div>\n\t\t\t\t<\/div>\n\t\t\t\t<div class=\"elementor-element elementor-element-83d2561 elementor-widget elementor-widget-text-editor\" data-id=\"83d2561\" data-element_type=\"widget\" data-e-type=\"widget\" data-widget_type=\"text-editor.default\">\n\t\t\t\t<div class=\"elementor-widget-container\">\n\t\t\t\t\t\t\t\t\t<p><span style=\"font-weight: 400;\">L\u00ednia innovadora per a <\/span><b>AirFryer<\/b><span style=\"font-weight: 400;\">, productes crus o prefregits tant per a retail com per a distribu\u00efdors (costelles amb salsa barbacoa, mandonguilles, tires de porc marinades, daus de porc\u2026).<\/span><span style=\"font-weight: 400;\"><br \/>\n<\/span><\/p>\n\t\t\t\t\t\t\t\t<\/div>\n\t\t\t\t<\/div>\n\t\t\t\t\t<\/div>\n\t\t\t\t<\/div>\n\t\t<div class=\"elementor-element elementor-element-5101d04 e-flex e-con-boxed e-con e-parent\" data-id=\"5101d04\" data-element_type=\"container\" data-e-type=\"container\">\n\t\t\t\t\t<div class=\"e-con-inner\">\n\t\t\t\t<div class=\"elementor-element elementor-element-5ba16db elementor-widget elementor-widget-text-editor\" data-id=\"5ba16db\" data-element_type=\"widget\" data-e-type=\"widget\" data-widget_type=\"text-editor.default\">\n\t\t\t\t<div class=\"elementor-widget-container\">\n\t\t\t\t\t\t\t\t\t<h2><b>Creixement i visi\u00f3 de futur<\/b><\/h2>\n<p><span style=\"font-weight: 400;\">En els darrers 15 anys hem tingut un creixement anual sostingut superior al <\/span><b>7% (CAGR)<\/b><span style=\"font-weight: 400;\">, tancant el 2025 amb una facturaci\u00f3 de m\u00e9s de <\/span><b>41 milions d\u2019euros<\/b><span style=\"font-weight: 400;\">. Entre les nostres dues plantes de fabricaci\u00f3 (una a Barcelona i una altra a Girona) superem els <\/span><b>10 milions de quilos anuals<\/b><span style=\"font-weight: 400;\">.<\/span><\/p>\n<h2><b>Inversi\u00f3 en R+D i sostenibilitat<\/b><\/h2>\n<p><span style=\"font-weight: 400;\">Una de les principals pol\u00edtiques de l\u2019empresa \u00e9s la inversi\u00f3 en <\/span><b>R+D i sostenibilitat<\/b><span style=\"font-weight: 400;\">, destinant en els darrers 5 anys <\/span><b>4 milions d\u2019euros<\/b><span style=\"font-weight: 400;\"> per millorar els sistemes de treball productiu, de distribuci\u00f3 i d\u2019efici\u00e8ncia energ\u00e8tica.<\/span><\/p>\n<p><span style=\"font-weight: 400;\">Una de les accions relacionades amb la sostenibilitat ha estat l\u2019erradicaci\u00f3 total del nitrogen l\u00edquid en la nostra producci\u00f3 de la m\u00e0 de <\/span><b>GasN2<\/b><span style=\"font-weight: 400;\">. Amb aix\u00f2 redu\u00efm significativament les emissions de CO\u2082 i les rutes de subministrament de nitrogen l\u00edquid, optimitzant la log\u00edstica i eliminant l\u2019impacte ambiental.<\/span><\/p>\n<p><span style=\"font-weight: 400;\">El departament d\u2019R+D tamb\u00e9 ha crescut amb l\u2019objectiu d\u2019oferir productes adaptats a la demanda del mercat, fet que ha generat clients orgullosos d\u2019oferir productes que marquen la difer\u00e8ncia.<\/span><\/p>\n<h2><b>Ind\u00fastria 4.0<\/b><\/h2>\n<p><span style=\"font-weight: 400;\">Amb la integraci\u00f3 de tecnologies digitals intel\u00b7ligents en els processos de fabricaci\u00f3 i producci\u00f3, i buscant una major automatitzaci\u00f3, flexibilitat, productivitat i presa de decisions en temps real, Illas Juli continua invertint en tecnologia, sostenibilitat i noves gammes de producte per consolidar la seva posici\u00f3 al mercat nacional i internacional.<\/span><\/p>\n<p><span style=\"font-weight: 400;\">El nostre objectiu: ser l\u2019aliat de confian\u00e7a del sector retail, foodservice i distribuci\u00f3, aportant valor afegit i solucions adaptades a cada client.<\/span><\/p>\n<p><span style=\"font-weight: 400;\">A <\/span><b>Alimentaria 2026<\/b><span style=\"font-weight: 400;\"> reafirmem el nostre comprom\u00eds: oferir solucions que facin l\u2019alimentaci\u00f3 m\u00e9s segura, sostenible i accessible per a tothom. Convidem professionals i socis estrat\u00e8gics a descobrir com junts podem construir el futur del sector.<\/span><\/p>\n\t\t\t\t\t\t\t\t<\/div>\n\t\t\t\t<\/div>\n\t\t\t\t\t<\/div>\n\t\t\t\t<\/div>\n\t\t<div class=\"elementor-element elementor-element-a3a8cb5 e-flex e-con-boxed e-con e-parent\" data-id=\"a3a8cb5\" data-element_type=\"container\" data-e-type=\"container\">\n\t\t\t\t\t<div class=\"e-con-inner\">\n\t\t\t\t<div class=\"elementor-element elementor-element-718f5cb elementor-widget elementor-widget-image\" data-id=\"718f5cb\" data-element_type=\"widget\" data-e-type=\"widget\" data-widget_type=\"image.default\">\n\t\t\t\t<div class=\"elementor-widget-container\">\n\t\t\t\t\t\t\t\t\t\t\t\t\t\t\t<img loading=\"lazy\" decoding=\"async\" width=\"800\" height=\"231\" src=\"https:\/\/illasjuli.com\/wp-content\/uploads\/2025\/12\/Captura-de-pantalla-2025-12-04-a-las-13.08.55-1024x296.png\" class=\"attachment-large size-large wp-image-5579\" alt=\"\" srcset=\"https:\/\/illasjuli.com\/wp-content\/uploads\/2025\/12\/Captura-de-pantalla-2025-12-04-a-las-13.08.55-1024x296.png 1024w, https:\/\/illasjuli.com\/wp-content\/uploads\/2025\/12\/Captura-de-pantalla-2025-12-04-a-las-13.08.55-300x87.png 300w, https:\/\/illasjuli.com\/wp-content\/uploads\/2025\/12\/Captura-de-pantalla-2025-12-04-a-las-13.08.55-150x43.png 150w, https:\/\/illasjuli.com\/wp-content\/uploads\/2025\/12\/Captura-de-pantalla-2025-12-04-a-las-13.08.55-768x222.png 768w, https:\/\/illasjuli.com\/wp-content\/uploads\/2025\/12\/Captura-de-pantalla-2025-12-04-a-las-13.08.55-1536x445.png 1536w, https:\/\/illasjuli.com\/wp-content\/uploads\/2025\/12\/Captura-de-pantalla-2025-12-04-a-las-13.08.55-2048x593.png 2048w\" sizes=\"(max-width: 800px) 100vw, 800px\" \/>\t\t\t\t\t\t\t\t\t\t\t\t\t\t\t<\/div>\n\t\t\t\t<\/div>\n\t\t\t\t\t<\/div>\n\t\t\t\t<\/div>\n\t\t\t\t<\/div>\n\t\t","protected":false},"excerpt":{"rendered":"<p>C\u00e0rniques Illas Juli revoluciona l\u2019alimentaci\u00f3 del futur a Alimentaria 2026 amb solucions innovadores i sostenibles Amb m\u00e9s de 60 anys d\u2019experi\u00e8ncia, la companyia combina tradici\u00f3 familiar, avantguarda tecnol\u00f2gica i sostenibilitat per liderar el sector carni a Espanya i Europa. La companyia familiar C\u00e0rniques Illas Juli, referent en exportaci\u00f3 i ultracongelaci\u00f3 c\u00e0rnia, presentar\u00e0 a Alimentaria 2026 [&hellip;]<\/p>\n","protected":false},"author":2,"featured_media":5586,"comment_status":"closed","ping_status":"closed","sticky":false,"template":"","format":"standard","meta":{"footnotes":""},"categories":[61],"tags":[],"class_list":["post-5731","post","type-post","status-publish","format-standard","has-post-thumbnail","hentry","category-sin-categorizar-ca"],"_links":{"self":[{"href":"https:\/\/illasjuli.com\/ca\/wp-json\/wp\/v2\/posts\/5731","targetHints":{"allow":["GET"]}}],"collection":[{"href":"https:\/\/illasjuli.com\/ca\/wp-json\/wp\/v2\/posts"}],"about":[{"href":"https:\/\/illasjuli.com\/ca\/wp-json\/wp\/v2\/types\/post"}],"author":[{"embeddable":true,"href":"https:\/\/illasjuli.com\/ca\/wp-json\/wp\/v2\/users\/2"}],"replies":[{"embeddable":true,"href":"https:\/\/illasjuli.com\/ca\/wp-json\/wp\/v2\/comments?post=5731"}],"version-history":[{"count":1,"href":"https:\/\/illasjuli.com\/ca\/wp-json\/wp\/v2\/posts\/5731\/revisions"}],"predecessor-version":[{"id":5732,"href":"https:\/\/illasjuli.com\/ca\/wp-json\/wp\/v2\/posts\/5731\/revisions\/5732"}],"wp:featuredmedia":[{"embeddable":true,"href":"https:\/\/illasjuli.com\/ca\/wp-json\/wp\/v2\/media\/5586"}],"wp:attachment":[{"href":"https:\/\/illasjuli.com\/ca\/wp-json\/wp\/v2\/media?parent=5731"}],"wp:term":[{"taxonomy":"category","embeddable":true,"href":"https:\/\/illasjuli.com\/ca\/wp-json\/wp\/v2\/categories?post=5731"},{"taxonomy":"post_tag","embeddable":true,"href":"https:\/\/illasjuli.com\/ca\/wp-json\/wp\/v2\/tags?post=5731"}],"curies":[{"name":"wp","href":"https:\/\/api.w.org\/{rel}","templated":true}]}}