{"id":5926,"date":"2026-04-10T12:46:09","date_gmt":"2026-04-10T10:46:09","guid":{"rendered":"https:\/\/illasjuli.com\/un-any-mes-amb-castellum-i-la-fira-de-loli-de-fontanilles\/"},"modified":"2026-04-10T12:56:07","modified_gmt":"2026-04-10T10:56:07","slug":"un-any-mes-amb-castellum-i-la-fira-de-loli-de-fontanilles","status":"publish","type":"post","link":"https:\/\/illasjuli.com\/ca\/un-any-mes-amb-castellum-i-la-fira-de-loli-de-fontanilles\/","title":{"rendered":"UN ANY M\u00c9S AMB CASTELLUM I LA FIRA DE L&#8217;OLI DE FONTANILLES"},"content":{"rendered":"\t\t<div data-elementor-type=\"wp-post\" data-elementor-id=\"5926\" class=\"elementor elementor-5926 elementor-5915\" data-elementor-post-type=\"post\">\n\t\t\t\t<div class=\"elementor-element elementor-element-e38e584 e-flex e-con-boxed e-con e-parent\" data-id=\"e38e584\" data-element_type=\"container\" data-e-type=\"container\">\n\t\t\t\t\t<div class=\"e-con-inner\">\n\t\t\t\t<div class=\"elementor-element elementor-element-c06006d elementor-widget elementor-widget-heading\" data-id=\"c06006d\" data-element_type=\"widget\" data-e-type=\"widget\" data-widget_type=\"heading.default\">\n\t\t\t\t<div class=\"elementor-widget-container\">\n\t\t\t\t\t<h2 class=\"elementor-heading-title elementor-size-default\">Illas Juli renova el seu comprom\u00eds amb Castellum i la Fira de l\u2019Oli de Fontanilles<\/h2>\t\t\t\t<\/div>\n\t\t\t\t<\/div>\n\t\t\t\t\t<\/div>\n\t\t\t\t<\/div>\n\t\t<div class=\"elementor-element elementor-element-85fdb59 e-flex e-con-boxed e-con e-parent\" data-id=\"85fdb59\" data-element_type=\"container\" data-e-type=\"container\">\n\t\t\t\t\t<div class=\"e-con-inner\">\n\t\t\t\t<div class=\"elementor-element elementor-element-fe7b631 elementor-widget elementor-widget-text-editor\" data-id=\"fe7b631\" data-element_type=\"widget\" data-e-type=\"widget\" data-widget_type=\"text-editor.default\">\n\t\t\t\t<div class=\"elementor-widget-container\">\n\t\t\t\t\t\t\t\t\t<p><span style=\"font-weight: 400;\">Per segon any consecutiu, Carniqu\u00e8s Illas Juli ha tingut el privilegi de formar part de Castellum i la Fira de l\u2019Oli de Fontanilles, una cita ja imprescindible al Baix Empord\u00e0 que uneix tradici\u00f3, gastronomia, producte local i esperit de comunitat.<\/span><\/p>\n<p><span style=\"font-weight: 400;\">La setena edici\u00f3 de l\u2019esdeveniment, celebrada el passat 15 de mar\u00e7, va tornar a demostrar la for\u00e7a d\u2019un poble i d\u2019un projecte que, fins i tot davant les dificultats, mant\u00e9 intactes els seus valors. Enguany, el vent va obligar a adaptar algunes activitats, per\u00f2 no va impedir que Fontanilles visqu\u00e9s una jornada plena de vida, proximitat i autenticitat.<\/span><\/p>\n\t\t\t\t\t\t\t\t<\/div>\n\t\t\t\t<\/div>\n\t\t\t\t<div class=\"elementor-element elementor-element-a34b09c elementor-widget elementor-widget-image\" data-id=\"a34b09c\" data-element_type=\"widget\" data-e-type=\"widget\" data-widget_type=\"image.default\">\n\t\t\t\t<div class=\"elementor-widget-container\">\n\t\t\t\t\t\t\t\t\t\t\t\t\t\t\t<img fetchpriority=\"high\" decoding=\"async\" width=\"800\" height=\"558\" src=\"https:\/\/illasjuli.com\/wp-content\/uploads\/2026\/04\/Captura-de-pantalla-2026-04-10-a-las-12.36.08-1024x714.png\" class=\"attachment-large size-large wp-image-5917\" alt=\"\" srcset=\"https:\/\/illasjuli.com\/wp-content\/uploads\/2026\/04\/Captura-de-pantalla-2026-04-10-a-las-12.36.08-1024x714.png 1024w, https:\/\/illasjuli.com\/wp-content\/uploads\/2026\/04\/Captura-de-pantalla-2026-04-10-a-las-12.36.08-300x209.png 300w, https:\/\/illasjuli.com\/wp-content\/uploads\/2026\/04\/Captura-de-pantalla-2026-04-10-a-las-12.36.08-150x105.png 150w, https:\/\/illasjuli.com\/wp-content\/uploads\/2026\/04\/Captura-de-pantalla-2026-04-10-a-las-12.36.08-768x536.png 768w, https:\/\/illasjuli.com\/wp-content\/uploads\/2026\/04\/Captura-de-pantalla-2026-04-10-a-las-12.36.08.png 1322w\" sizes=\"(max-width: 800px) 100vw, 800px\" \/>\t\t\t\t\t\t\t\t\t\t\t\t\t\t\t<\/div>\n\t\t\t\t<\/div>\n\t\t\t\t\t<\/div>\n\t\t\t\t<\/div>\n\t\t<div class=\"elementor-element elementor-element-98b185a e-flex e-con-boxed e-con e-parent\" data-id=\"98b185a\" data-element_type=\"container\" data-e-type=\"container\">\n\t\t\t\t\t<div class=\"e-con-inner\">\n\t\t\t\t\t<\/div>\n\t\t\t\t<\/div>\n\t\t<div class=\"elementor-element elementor-element-1bdc9c9 e-flex e-con-boxed e-con e-parent\" data-id=\"1bdc9c9\" data-element_type=\"container\" data-e-type=\"container\">\n\t\t\t\t\t<div class=\"e-con-inner\">\n\t\t\t\t<div class=\"elementor-element elementor-element-e0759f8 elementor-widget elementor-widget-text-editor\" data-id=\"e0759f8\" data-element_type=\"widget\" data-e-type=\"widget\" data-widget_type=\"text-editor.default\">\n\t\t\t\t<div class=\"elementor-widget-container\">\n\t\t\t\t\t\t\t\t\t<p><span style=\"font-weight: 400;\">A Illas Juli ens complau especialment donar suport a iniciatives com Castellum, que posen en valor el territori, els productors locals i la cultura gastron\u00f2mica de casa nostra. Compartim plenament aquesta manera d\u2019entendre el treball: amb comprom\u00eds, arrels i estima pel producte de proximitat.<\/span><\/p>\n<p><span style=\"font-weight: 400;\">Formar part, un any m\u00e9s, d\u2019una arrossada popular elaborada amb ingredients locals i d\u2019una fira que reuneix artesans, productors i entitats del territori \u00e9s, per a nosaltres, molt m\u00e9s que una col\u00b7laboraci\u00f3. \u00c9s una manera de continuar construint vincles amb projectes que representen all\u00f2 en qu\u00e8 creiem.<\/span><\/p>\n<p><span style=\"font-weight: 400;\">Des d\u2019Illas Juli, volem agrair a l\u2019organitzaci\u00f3 la confian\u00e7a dipositada en nosaltres i felicitar-los per seguir fent cr\u00e9ixer una iniciativa que ja \u00e9s sin\u00f2nim de tradici\u00f3, esfor\u00e7 i comunitat.<\/span><\/p>\n\t\t\t\t\t\t\t\t<\/div>\n\t\t\t\t<\/div>\n\t\t\t\t\t<\/div>\n\t\t\t\t<\/div>\n\t\t<div class=\"elementor-element elementor-element-504c8f8 e-flex e-con-boxed e-con e-parent\" data-id=\"504c8f8\" data-element_type=\"container\" data-e-type=\"container\">\n\t\t\t\t\t<div class=\"e-con-inner\">\n\t\t\t\t<div class=\"elementor-element elementor-element-500cb20 elementor-widget elementor-widget-video\" data-id=\"500cb20\" data-element_type=\"widget\" data-e-type=\"widget\" data-settings=\"{&quot;youtube_url&quot;:&quot;https:\\\/\\\/www.youtube.com\\\/watch?v=XHOmBV4js_E&quot;,&quot;video_type&quot;:&quot;youtube&quot;,&quot;controls&quot;:&quot;yes&quot;}\" data-widget_type=\"video.default\">\n\t\t\t\t<div class=\"elementor-widget-container\">\n\t\t\t\t\t\t\t<div class=\"elementor-wrapper elementor-open-inline\">\n\t\t\t<div class=\"elementor-video\"><\/div>\t\t<\/div>\n\t\t\t\t\t\t<\/div>\n\t\t\t\t<\/div>\n\t\t\t\t\t<\/div>\n\t\t\t\t<\/div>\n\t\t\t\t<\/div>\n\t\t","protected":false},"excerpt":{"rendered":"<p>Illas Juli renova el seu comprom\u00eds amb Castellum i la Fira de l\u2019Oli de Fontanilles Per segon any consecutiu, Carniqu\u00e8s Illas Juli ha tingut el privilegi de formar part de Castellum i la Fira de l\u2019Oli de Fontanilles, una cita ja imprescindible al Baix Empord\u00e0 que uneix tradici\u00f3, gastronomia, producte local i esperit de comunitat. [&hellip;]<\/p>\n","protected":false},"author":2,"featured_media":5923,"comment_status":"closed","ping_status":"closed","sticky":false,"template":"","format":"standard","meta":{"footnotes":""},"categories":[61],"tags":[],"class_list":["post-5926","post","type-post","status-publish","format-standard","has-post-thumbnail","hentry","category-sin-categorizar-ca"],"_links":{"self":[{"href":"https:\/\/illasjuli.com\/ca\/wp-json\/wp\/v2\/posts\/5926","targetHints":{"allow":["GET"]}}],"collection":[{"href":"https:\/\/illasjuli.com\/ca\/wp-json\/wp\/v2\/posts"}],"about":[{"href":"https:\/\/illasjuli.com\/ca\/wp-json\/wp\/v2\/types\/post"}],"author":[{"embeddable":true,"href":"https:\/\/illasjuli.com\/ca\/wp-json\/wp\/v2\/users\/2"}],"replies":[{"embeddable":true,"href":"https:\/\/illasjuli.com\/ca\/wp-json\/wp\/v2\/comments?post=5926"}],"version-history":[{"count":1,"href":"https:\/\/illasjuli.com\/ca\/wp-json\/wp\/v2\/posts\/5926\/revisions"}],"predecessor-version":[{"id":5927,"href":"https:\/\/illasjuli.com\/ca\/wp-json\/wp\/v2\/posts\/5926\/revisions\/5927"}],"wp:featuredmedia":[{"embeddable":true,"href":"https:\/\/illasjuli.com\/ca\/wp-json\/wp\/v2\/media\/5923"}],"wp:attachment":[{"href":"https:\/\/illasjuli.com\/ca\/wp-json\/wp\/v2\/media?parent=5926"}],"wp:term":[{"taxonomy":"category","embeddable":true,"href":"https:\/\/illasjuli.com\/ca\/wp-json\/wp\/v2\/categories?post=5926"},{"taxonomy":"post_tag","embeddable":true,"href":"https:\/\/illasjuli.com\/ca\/wp-json\/wp\/v2\/tags?post=5926"}],"curies":[{"name":"wp","href":"https:\/\/api.w.org\/{rel}","templated":true}]}}